{"id":151,"date":"2013-07-04T22:49:49","date_gmt":"2013-07-04T21:49:49","guid":{"rendered":"http:\/\/www.archersdudrac.fr\/archers_WP\/?p=151"},"modified":"2013-07-09T21:02:05","modified_gmt":"2013-07-09T20:02:05","slug":"concours-exterieur-19-mai-2013","status":"publish","type":"post","link":"https:\/\/www.archersdudrac.fr\/archers_WP\/concours-exterieur-19-mai-2013\/","title":{"rendered":"Concours ext\u00e9rieur, 19 mai 2013"},"content":{"rendered":"<p>Un petit aper\u00e7u de notre concours ext\u00e9rieur, \u00e0 G\u00e9rard Philippe.<\/p>\n<p>Il a eu lieu le 19 mai 2012, et \u00e9tait qualificatif pour les championnats de France de tir \u00e0 l&rsquo;arc handisport. De nombreux archers ont r\u00e9ussi leur \u00ab\u00a0qualif\u00a0\u00bb ce jour l\u00e0, bravo ! <div id=\"gallery_25d911\"><\/div><\/p>\n<p>&nbsp;<\/p>\n","protected":false},"excerpt":{"rendered":"<p>Un petit aper\u00e7u de notre concours ext\u00e9rieur, \u00e0 G\u00e9rard Philippe. Il a eu lieu le 19 mai 2012, et \u00e9tait qualificatif pour les championnats de France de tir \u00e0 l&rsquo;arc handisport. De nombreux archers ont r\u00e9ussi leur \u00ab\u00a0qualif\u00a0\u00bb ce jour &hellip; <a href=\"https:\/\/www.archersdudrac.fr\/archers_WP\/concours-exterieur-19-mai-2013\/\">Continue reading <span class=\"meta-nav\">&rarr;<\/span><\/a><\/p>\n","protected":false},"author":1,"featured_media":0,"comment_status":"open","ping_status":"open","sticky":false,"template":"","format":"standard","meta":{"footnotes":"","_links_to":"","_links_to_target":""},"categories":[5,3],"tags":[],"_links":{"self":[{"href":"https:\/\/www.archersdudrac.fr\/archers_WP\/wp-json\/wp\/v2\/posts\/151"}],"collection":[{"href":"https:\/\/www.archersdudrac.fr\/archers_WP\/wp-json\/wp\/v2\/posts"}],"about":[{"href":"https:\/\/www.archersdudrac.fr\/archers_WP\/wp-json\/wp\/v2\/types\/post"}],"author":[{"embeddable":true,"href":"https:\/\/www.archersdudrac.fr\/archers_WP\/wp-json\/wp\/v2\/users\/1"}],"replies":[{"embeddable":true,"href":"https:\/\/www.archersdudrac.fr\/archers_WP\/wp-json\/wp\/v2\/comments?post=151"}],"version-history":[{"count":7,"href":"https:\/\/www.archersdudrac.fr\/archers_WP\/wp-json\/wp\/v2\/posts\/151\/revisions"}],"predecessor-version":[{"id":155,"href":"https:\/\/www.archersdudrac.fr\/archers_WP\/wp-json\/wp\/v2\/posts\/151\/revisions\/155"}],"wp:attachment":[{"href":"https:\/\/www.archersdudrac.fr\/archers_WP\/wp-json\/wp\/v2\/media?parent=151"}],"wp:term":[{"taxonomy":"category","embeddable":true,"href":"https:\/\/www.archersdudrac.fr\/archers_WP\/wp-json\/wp\/v2\/categories?post=151"},{"taxonomy":"post_tag","embeddable":true,"href":"https:\/\/www.archersdudrac.fr\/archers_WP\/wp-json\/wp\/v2\/tags?post=151"}],"curies":[{"name":"wp","href":"https:\/\/api.w.org\/{rel}","templated":true}]}}