{"id":411,"date":"2015-02-15T16:40:53","date_gmt":"2015-02-15T15:40:53","guid":{"rendered":"http:\/\/www.archersdudrac.fr\/archers_WP\/?p=411"},"modified":"2015-02-15T16:40:53","modified_gmt":"2015-02-15T15:40:53","slug":"saint-sebastien-8-fevrier-2015-photos","status":"publish","type":"post","link":"https:\/\/www.archersdudrac.fr\/archers_WP\/saint-sebastien-8-fevrier-2015-photos\/","title":{"rendered":"Saint S\u00e9bastien &#8211; 8 F\u00e9vrier 2015 (Photos)"},"content":{"rendered":"<p>La Saint S\u00e9bastien a \u00e9t\u00e9 une nouvelle fois l&rsquo;occasion de rassembler les archers de la compagnie autour d&rsquo;une tradition historique.<\/p>\n<p>Voici les photos de cette journ\u00e9e.<\/p>\n<div id=\"gallery_770b34\"><\/div>\n<p>Bravos aux archers pour leur participation et leur pr\u00e9cision ;).<\/p>\n<p>&nbsp;<\/p>\n","protected":false},"excerpt":{"rendered":"<p>La Saint S\u00e9bastien a \u00e9t\u00e9 une nouvelle fois l&rsquo;occasion de rassembler les archers de la compagnie autour d&rsquo;une tradition historique. Voici les photos de cette journ\u00e9e. Bravos aux archers pour leur participation et leur pr\u00e9cision ;). &nbsp;<\/p>\n","protected":false},"author":1,"featured_media":0,"comment_status":"open","ping_status":"closed","sticky":false,"template":"","format":"standard","meta":{"footnotes":"","_links_to":"","_links_to_target":""},"categories":[1],"tags":[],"_links":{"self":[{"href":"https:\/\/www.archersdudrac.fr\/archers_WP\/wp-json\/wp\/v2\/posts\/411"}],"collection":[{"href":"https:\/\/www.archersdudrac.fr\/archers_WP\/wp-json\/wp\/v2\/posts"}],"about":[{"href":"https:\/\/www.archersdudrac.fr\/archers_WP\/wp-json\/wp\/v2\/types\/post"}],"author":[{"embeddable":true,"href":"https:\/\/www.archersdudrac.fr\/archers_WP\/wp-json\/wp\/v2\/users\/1"}],"replies":[{"embeddable":true,"href":"https:\/\/www.archersdudrac.fr\/archers_WP\/wp-json\/wp\/v2\/comments?post=411"}],"version-history":[{"count":5,"href":"https:\/\/www.archersdudrac.fr\/archers_WP\/wp-json\/wp\/v2\/posts\/411\/revisions"}],"predecessor-version":[{"id":416,"href":"https:\/\/www.archersdudrac.fr\/archers_WP\/wp-json\/wp\/v2\/posts\/411\/revisions\/416"}],"wp:attachment":[{"href":"https:\/\/www.archersdudrac.fr\/archers_WP\/wp-json\/wp\/v2\/media?parent=411"}],"wp:term":[{"taxonomy":"category","embeddable":true,"href":"https:\/\/www.archersdudrac.fr\/archers_WP\/wp-json\/wp\/v2\/categories?post=411"},{"taxonomy":"post_tag","embeddable":true,"href":"https:\/\/www.archersdudrac.fr\/archers_WP\/wp-json\/wp\/v2\/tags?post=411"}],"curies":[{"name":"wp","href":"https:\/\/api.w.org\/{rel}","templated":true}]}}