{"id":499,"date":"2015-11-02T22:10:49","date_gmt":"2015-11-02T21:10:49","guid":{"rendered":"http:\/\/www.archersdudrac.fr\/archers_WP\/?p=499"},"modified":"2017-10-27T12:51:24","modified_gmt":"2017-10-27T11:51:24","slug":"concours-salle-valide-et-handisport","status":"publish","type":"post","link":"https:\/\/www.archersdudrac.fr\/archers_WP\/concours-salle-valide-et-handisport\/","title":{"rendered":"Concours Novembre Fontaine, Valide et Handisport"},"content":{"rendered":"<p>La Compagnie des Archers du Drac organisera son concours en salle le Samedi 14 et le Dimanche 15 Novembre !<\/p>\n<p>Tous les archers, valides et handisports,\u00a0sont invit\u00e9s \u00e0 participer \u00e0 cet \u00e9v\u00e9nement.<\/p>\n<p>Le concours aura lieu \u00e0 la Halle des Sports de Fontaine, 80 rue Charles Michels, 38600 Fontaine.<\/p>\n<p>Tous les d\u00e9tails et les fiches d&rsquo;inscription ici : <a href=\"http:\/\/www.archersdudrac.fr\/archers_WP\/wp-content\/uploads\/2015\/11\/inscription-au-concours-2015-samedi.pdf\">Concours Fontaine Samedi 14 Novembre <\/a>et ici : <a href=\"http:\/\/www.archersdudrac.fr\/archers_WP\/wp-content\/uploads\/2015\/11\/inscription-au-concours-2015-dimanche.pdf\">concours Fontaine dimanche 15 Novembre<\/a><\/p>\n<p>Nous esp\u00e9rons vous retrouver nombreux pour passer de bons moments !<\/p>\n<p>&nbsp;<\/p>\n<p>&nbsp;<\/p>\n","protected":false},"excerpt":{"rendered":"<p>La Compagnie des Archers du Drac organisera son concours en salle le Samedi 14 et le Dimanche 15 Novembre ! Tous les archers, valides et handisports,\u00a0sont invit\u00e9s \u00e0 participer \u00e0 cet \u00e9v\u00e9nement. Le concours aura lieu \u00e0 la Halle des &hellip; <a href=\"https:\/\/www.archersdudrac.fr\/archers_WP\/concours-salle-valide-et-handisport\/\">Continue reading <span class=\"meta-nav\">&rarr;<\/span><\/a><\/p>\n","protected":false},"author":1,"featured_media":0,"comment_status":"open","ping_status":"closed","sticky":false,"template":"","format":"standard","meta":{"footnotes":"","_links_to":"","_links_to_target":""},"categories":[3],"tags":[],"_links":{"self":[{"href":"https:\/\/www.archersdudrac.fr\/archers_WP\/wp-json\/wp\/v2\/posts\/499"}],"collection":[{"href":"https:\/\/www.archersdudrac.fr\/archers_WP\/wp-json\/wp\/v2\/posts"}],"about":[{"href":"https:\/\/www.archersdudrac.fr\/archers_WP\/wp-json\/wp\/v2\/types\/post"}],"author":[{"embeddable":true,"href":"https:\/\/www.archersdudrac.fr\/archers_WP\/wp-json\/wp\/v2\/users\/1"}],"replies":[{"embeddable":true,"href":"https:\/\/www.archersdudrac.fr\/archers_WP\/wp-json\/wp\/v2\/comments?post=499"}],"version-history":[{"count":3,"href":"https:\/\/www.archersdudrac.fr\/archers_WP\/wp-json\/wp\/v2\/posts\/499\/revisions"}],"predecessor-version":[{"id":748,"href":"https:\/\/www.archersdudrac.fr\/archers_WP\/wp-json\/wp\/v2\/posts\/499\/revisions\/748"}],"wp:attachment":[{"href":"https:\/\/www.archersdudrac.fr\/archers_WP\/wp-json\/wp\/v2\/media?parent=499"}],"wp:term":[{"taxonomy":"category","embeddable":true,"href":"https:\/\/www.archersdudrac.fr\/archers_WP\/wp-json\/wp\/v2\/categories?post=499"},{"taxonomy":"post_tag","embeddable":true,"href":"https:\/\/www.archersdudrac.fr\/archers_WP\/wp-json\/wp\/v2\/tags?post=499"}],"curies":[{"name":"wp","href":"https:\/\/api.w.org\/{rel}","templated":true}]}}