{"id":989,"date":"2018-07-02T15:44:38","date_gmt":"2018-07-02T14:44:38","guid":{"rendered":"http:\/\/www.archersdudrac.fr\/archers_WP\/?p=989"},"modified":"2018-07-02T15:44:38","modified_gmt":"2018-07-02T14:44:38","slug":"tir-du-roy-2018-les-photos","status":"publish","type":"post","link":"https:\/\/www.archersdudrac.fr\/archers_WP\/tir-du-roy-2018-les-photos\/","title":{"rendered":"Tir du Roy 2018 &#8211; Les photos"},"content":{"rendered":"<p>Elles sont l\u00e0, elles sont chaudes, bien aid\u00e9es par les temp\u00e9ratures estivales&#8230; les photos du Tir du Roy 2018 sont accessibles d\u00e8s aujourd&rsquo;hui ci-dessous.<\/p>\n<p>Encore bravos \u00e0 nos 2 vainqueurs!<\/p>\n<p><a href=\"http:\/\/archersdudrac.fr\/gallery3\/index.php\/Tir-du-Roy-2018\">Toutes les photos accessibles ici !!<\/a><\/p>\n<p><img loading=\"lazy\" decoding=\"async\" class=\"aligncenter size-large wp-image-993\" src=\"http:\/\/www.archersdudrac.fr\/archers_WP\/wp-content\/uploads\/2018\/07\/DSC-2018-05-05_231-1024x683.jpg\" alt=\"\" width=\"584\" height=\"390\" srcset=\"https:\/\/www.archersdudrac.fr\/archers_WP\/wp-content\/uploads\/2018\/07\/DSC-2018-05-05_231-1024x683.jpg 1024w, https:\/\/www.archersdudrac.fr\/archers_WP\/wp-content\/uploads\/2018\/07\/DSC-2018-05-05_231-300x200.jpg 300w, https:\/\/www.archersdudrac.fr\/archers_WP\/wp-content\/uploads\/2018\/07\/DSC-2018-05-05_231-768x512.jpg 768w, https:\/\/www.archersdudrac.fr\/archers_WP\/wp-content\/uploads\/2018\/07\/DSC-2018-05-05_231-450x300.jpg 450w\" sizes=\"(max-width: 584px) 100vw, 584px\" \/><\/p>\n<p><img loading=\"lazy\" decoding=\"async\" class=\"aligncenter size-large wp-image-991\" src=\"http:\/\/www.archersdudrac.fr\/archers_WP\/wp-content\/uploads\/2018\/07\/DSC-2018-05-05_81-683x1024.jpg\" alt=\"\" width=\"584\" height=\"876\" srcset=\"https:\/\/www.archersdudrac.fr\/archers_WP\/wp-content\/uploads\/2018\/07\/DSC-2018-05-05_81-683x1024.jpg 683w, https:\/\/www.archersdudrac.fr\/archers_WP\/wp-content\/uploads\/2018\/07\/DSC-2018-05-05_81-200x300.jpg 200w, https:\/\/www.archersdudrac.fr\/archers_WP\/wp-content\/uploads\/2018\/07\/DSC-2018-05-05_81-768x1151.jpg 768w\" sizes=\"(max-width: 584px) 100vw, 584px\" \/><img loading=\"lazy\" decoding=\"async\" class=\"aligncenter size-large wp-image-990\" src=\"http:\/\/www.archersdudrac.fr\/archers_WP\/wp-content\/uploads\/2018\/07\/DSC-2018-05-05_22-683x1024.jpg\" alt=\"\" width=\"584\" height=\"876\" srcset=\"https:\/\/www.archersdudrac.fr\/archers_WP\/wp-content\/uploads\/2018\/07\/DSC-2018-05-05_22-683x1024.jpg 683w, https:\/\/www.archersdudrac.fr\/archers_WP\/wp-content\/uploads\/2018\/07\/DSC-2018-05-05_22-200x300.jpg 200w, https:\/\/www.archersdudrac.fr\/archers_WP\/wp-content\/uploads\/2018\/07\/DSC-2018-05-05_22-768x1152.jpg 768w\" sizes=\"(max-width: 584px) 100vw, 584px\" \/><\/p>\n<p>&nbsp;<\/p>\n","protected":false},"excerpt":{"rendered":"<p>Elles sont l\u00e0, elles sont chaudes, bien aid\u00e9es par les temp\u00e9ratures estivales&#8230; les photos du Tir du Roy 2018 sont accessibles d\u00e8s aujourd&rsquo;hui ci-dessous. Encore bravos \u00e0 nos 2 vainqueurs! Toutes les photos accessibles ici !! &nbsp;<\/p>\n","protected":false},"author":1,"featured_media":0,"comment_status":"open","ping_status":"closed","sticky":false,"template":"","format":"standard","meta":{"footnotes":"","_links_to":"","_links_to_target":""},"categories":[5,3],"tags":[],"_links":{"self":[{"href":"https:\/\/www.archersdudrac.fr\/archers_WP\/wp-json\/wp\/v2\/posts\/989"}],"collection":[{"href":"https:\/\/www.archersdudrac.fr\/archers_WP\/wp-json\/wp\/v2\/posts"}],"about":[{"href":"https:\/\/www.archersdudrac.fr\/archers_WP\/wp-json\/wp\/v2\/types\/post"}],"author":[{"embeddable":true,"href":"https:\/\/www.archersdudrac.fr\/archers_WP\/wp-json\/wp\/v2\/users\/1"}],"replies":[{"embeddable":true,"href":"https:\/\/www.archersdudrac.fr\/archers_WP\/wp-json\/wp\/v2\/comments?post=989"}],"version-history":[{"count":2,"href":"https:\/\/www.archersdudrac.fr\/archers_WP\/wp-json\/wp\/v2\/posts\/989\/revisions"}],"predecessor-version":[{"id":994,"href":"https:\/\/www.archersdudrac.fr\/archers_WP\/wp-json\/wp\/v2\/posts\/989\/revisions\/994"}],"wp:attachment":[{"href":"https:\/\/www.archersdudrac.fr\/archers_WP\/wp-json\/wp\/v2\/media?parent=989"}],"wp:term":[{"taxonomy":"category","embeddable":true,"href":"https:\/\/www.archersdudrac.fr\/archers_WP\/wp-json\/wp\/v2\/categories?post=989"},{"taxonomy":"post_tag","embeddable":true,"href":"https:\/\/www.archersdudrac.fr\/archers_WP\/wp-json\/wp\/v2\/tags?post=989"}],"curies":[{"name":"wp","href":"https:\/\/api.w.org\/{rel}","templated":true}]}}